{"id":23349,"date":"2024-04-08T10:48:53","date_gmt":"2024-04-08T09:48:53","guid":{"rendered":"https:\/\/www.modix.eu\/?p=23349"},"modified":"2024-04-08T10:48:53","modified_gmt":"2024-04-08T09:48:53","slug":"premio-barbara-cox-mujer-del-ano-2024","status":"publish","type":"post","link":"https:\/\/www.modix.eu\/es\/premio-barbara-cox-mujer-del-ano-2024\/","title":{"rendered":"Premio Barbara Cox \u00abMujer del A\u00f1o\u00bb 2024"},"content":{"rendered":"[vc_row type=\u00bbin_container\u00bb full_screen_row_position=\u00bbmiddle\u00bb column_margin=\u00bbdefault\u00bb column_direction=\u00bbdefault\u00bb column_direction_tablet=\u00bbdefault\u00bb column_direction_phone=\u00bbdefault\u00bb scene_position=\u00bbcenter\u00bb text_color=\u00bbdark\u00bb text_align=\u00bbleft\u00bb row_border_radius=\u00bbnone\u00bb row_border_radius_applies=\u00bbbg\u00bb overlay_strength=\u00bb0.3&#8243; gradient_direction=\u00bbleft_to_right\u00bb shape_divider_position=\u00bbbottom\u00bb bg_image_animation=\u00bbnone\u00bb][vc_column column_padding=\u00bbno-extra-padding\u00bb column_padding_tablet=\u00bbinherit\u00bb column_padding_phone=\u00bbinherit\u00bb column_padding_position=\u00bball\u00bb background_color_opacity=\u00bb1&#8243; background_hover_color_opacity=\u00bb1&#8243; column_shadow=\u00bbnone\u00bb column_border_radius=\u00bbnone\u00bb column_link_target=\u00bb_self\u00bb gradient_direction=\u00bbleft_to_right\u00bb overlay_strength=\u00bb0.3&#8243; width=\u00bb1\/1&#8243; tablet_width_inherit=\u00bbdefault\u00bb tablet_text_alignment=\u00bbdefault\u00bb phone_text_alignment=\u00bbdefault\u00bb column_border_width=\u00bbnone\u00bb column_border_style=\u00bbsolid\u00bb bg_image_animation=\u00bbnone\u00bb][vc_column_text]Se ha abierto el proceso de nominaciones para el premio Barbara Cox Mujer del A\u00f1o 2024 de Cox Automotive, que este a\u00f1o cumple su sexta edici\u00f3n. En Europa, esta ceremonia de premios se celebr\u00f3 por primera vez en 2019.<\/p>\n<p>El distinguido galard\u00f3n se otorga a mujeres ejemplares dentro de la industria de la automoci\u00f3n europea. Mujeres que han demostrado un compromiso excepcional con la innovaci\u00f3n y el liderazgo. El premio no es solo una oportunidad para que las mujeres celebren sus logros, sino tambi\u00e9n para animar a otras mujeres a participar en el sector de la automoci\u00f3n.<\/p>\n<p>Barbara Cox, quien da nombre a este galard\u00f3n, fue una empresaria pionera y un modelo a seguir que desempe\u00f1\u00f3 el cargo de directora de Cox Enterprises, la empresa matriz de Cox Automotive en los Estados Unidos. El premio reconoce a aquellas mujeres que comparten sus rasgos y sus logros:<\/p>\n<ul>\n<li><strong>Apostar por la innovaci\u00f3n y avanzar en la industria<\/strong><\/li>\n<li><strong>Inspirar a otros a trav\u00e9s de un compromiso con el liderazgo<\/strong><\/li>\n<li><strong>Contribuir con su comunidad<\/strong><\/li>\n<\/ul>\n<p>Entre las orgullosas ganadoras de este premio se encuentran: Sara Sloman, directora de estrategia de EV fintech business Paythru; Caroline Burnell, directora de marketing y comunicaciones de eStar Truck &amp; Van; Alison Jones, vicepresidenta ejecutiva de econom\u00eda circular global de Stellantis; Beryl Carney, directora de veh\u00edculos comerciales de JCT600; y Lorna McAtear, National Grid.<\/p>\n<p><strong>Women with Drive para respaldar los logros de las mujeres<\/strong><\/p>\n<p><a href=\"https:\/\/womenwithdrive.co.uk\/\">\u00abWomen with Drive\u00bb<\/a> es una red inclusiva que celebra y fomenta el trabajo de las mujeres en la industria de la automoci\u00f3n. Su objetivo es respaldar los logros, las aspiraciones y los \u00e9xitos de las mujeres, con una actitud de \u00abpensar a lo grande\u00bb y una oportunidad de ser escuchadas.<\/p>\n<p>Desde su creaci\u00f3n en el D\u00eda Internacional de la Mujer de 2016, se han celebrado diversos eventos que han empoderado y comprometido a mujeres y hombres del equipo de Cox Automotive, abogando por la igualdad y las aspiraciones no solo en el lugar de trabajo sino tambi\u00e9n fuera de \u00e9l.<\/p>\n<p>El compromiso de Cox Automotive es promover un equipo de trabajo diverso y positivo que tenga la capacidad de inspirar a cada uno de los componentes del equipo. Todas las mujeres pueden alcanzar su m\u00e1ximo potencial.<\/p>\n<p>Invitamos a enviar nominaciones para el Premio a toda la industria de la automoci\u00f3n europea (excepto los empleados de Cox Automotive) hasta la fecha l\u00edmite del viernes, 26 de abril de 2024. El ganador se anunciar\u00e1 en un evento especial celebrado el mi\u00e9rcoles, 5 de junio de 2024, en Bruntigthorpe, Reino Unido.<\/p>\n<p>\u00bfConoce alguna mujer l\u00edder extraordinaria e inspiradora dentro de la industria de la automoci\u00f3n? Entonces, aseg\u00farese de nominarla aqu\u00ed.[\/vc_column_text][\/vc_column][\/vc_row][vc_row type=\u00bbin_container\u00bb full_screen_row_position=\u00bbmiddle\u00bb column_margin=\u00bbdefault\u00bb column_direction=\u00bbdefault\u00bb column_direction_tablet=\u00bbdefault\u00bb column_direction_phone=\u00bbdefault\u00bb scene_position=\u00bbcenter\u00bb text_color=\u00bbdark\u00bb text_align=\u00bbleft\u00bb row_border_radius=\u00bbnone\u00bb row_border_radius_applies=\u00bbbg\u00bb overlay_strength=\u00bb0.3&#8243; gradient_direction=\u00bbleft_to_right\u00bb shape_divider_position=\u00bbbottom\u00bb bg_image_animation=\u00bbnone\u00bb][vc_column column_padding=\u00bbno-extra-padding\u00bb column_padding_tablet=\u00bbinherit\u00bb column_padding_phone=\u00bbinherit\u00bb column_padding_position=\u00bball\u00bb centered_text=\u00bbtrue\u00bb background_color_opacity=\u00bb1&#8243; background_hover_color_opacity=\u00bb1&#8243; column_shadow=\u00bbnone\u00bb column_border_radius=\u00bbnone\u00bb column_link_target=\u00bb_self\u00bb gradient_direction=\u00bbleft_to_right\u00bb overlay_strength=\u00bb0.3&#8243; width=\u00bb1\/1&#8243; tablet_width_inherit=\u00bbdefault\u00bb tablet_text_alignment=\u00bbdefault\u00bb phone_text_alignment=\u00bbdefault\u00bb column_border_width=\u00bbnone\u00bb column_border_style=\u00bbsolid\u00bb bg_image_animation=\u00bbnone\u00bb][nectar_btn size=\u00bblarge\u00bb open_new_tab=\u00bbtrue\u00bb button_style=\u00bbregular\u00bb button_color_2=\u00bbAccent-Color\u00bb icon_family=\u00bbnone\u00bb text=\u00bb\u00a1Nominar ahora!\u00bb url=\u00bbhttps:\/\/womenwithdrive.co.uk\/nominate-here\/\u00bb][\/vc_column][\/vc_row][vc_row type=\u00bbin_container\u00bb full_screen_row_position=\u00bbmiddle\u00bb column_margin=\u00bbdefault\u00bb column_direction=\u00bbdefault\u00bb column_direction_tablet=\u00bbdefault\u00bb column_direction_phone=\u00bbdefault\u00bb scene_position=\u00bbcenter\u00bb text_color=\u00bbdark\u00bb text_align=\u00bbleft\u00bb row_border_radius=\u00bbnone\u00bb row_border_radius_applies=\u00bbbg\u00bb disable_element=\u00bbyes\u00bb overlay_strength=\u00bb0.3&#8243; gradient_direction=\u00bbleft_to_right\u00bb shape_divider_position=\u00bbbottom\u00bb bg_image_animation=\u00bbnone\u00bb shape_type=\u00bb\u00bb][vc_column column_padding=\u00bbno-extra-padding\u00bb column_padding_tablet=\u00bbinherit\u00bb column_padding_phone=\u00bbinherit\u00bb column_padding_position=\u00bball\u00bb background_color_opacity=\u00bb1&#8243; background_hover_color_opacity=\u00bb1&#8243; column_shadow=\u00bbnone\u00bb column_border_radius=\u00bbnone\u00bb column_link_target=\u00bb_self\u00bb gradient_direction=\u00bbleft_to_right\u00bb overlay_strength=\u00bb0.3&#8243; width=\u00bb1\/1&#8243; tablet_width_inherit=\u00bbdefault\u00bb tablet_text_alignment=\u00bbdefault\u00bb phone_text_alignment=\u00bbdefault\u00bb column_border_width=\u00bbnone\u00bb column_border_style=\u00bbsolid\u00bb bg_image_animation=\u00bbnone\u00bb][vc_column_text]<strong><em>\u00bfSabe&#8230;<\/em><\/strong><\/p>\n<p>c\u00f3mo mejorar la visibilidad de su sitio web en Internet es fundamental para aumentar el n\u00famero de visitantes y compradores potenciales. Para tener m\u00e1s posibilidades de aparecer de forma m\u00e1s destacada en los resultados de los motores de b\u00fasqueda, puede que sea el momento de echar un vistazo a la optimizaci\u00f3n para motores de b\u00fasqueda (SEO).[\/vc_column_text][\/vc_column][\/vc_row]\n","protected":false},"excerpt":{"rendered":"<p>[vc_row type=\u00bbin_container\u00bb full_screen_row_position=\u00bbmiddle\u00bb column_margin=\u00bbdefault\u00bb column_direction=\u00bbdefault\u00bb column_direction_tablet=\u00bbdefault\u00bb column_direction_phone=\u00bbdefault\u00bb scene_position=\u00bbcenter\u00bb text_color=\u00bbdark\u00bb text_align=\u00bbleft\u00bb row_border_radius=\u00bbnone\u00bb row_border_radius_applies=\u00bbbg\u00bb overlay_strength=\u00bb0.3&#8243; gradient_direction=\u00bbleft_to_right\u00bb shape_divider_position=\u00bbbottom\u00bb bg_image_animation=\u00bbnone\u00bb][vc_column column_padding=\u00bbno-extra-padding\u00bb column_padding_tablet=\u00bbinherit\u00bb column_padding_phone=\u00bbinherit\u00bb column_padding_position=\u00bball\u00bb background_color_opacity=\u00bb1&#8243; background_hover_color_opacity=\u00bb1&#8243; column_shadow=\u00bbnone\u00bb column_border_radius=\u00bbnone\u00bb column_link_target=\u00bb_self\u00bb&#8230;<\/p>\n","protected":false},"author":57,"featured_media":23462,"comment_status":"closed","ping_status":"open","sticky":false,"template":"","format":"standard","meta":{"footnotes":""},"categories":[86],"tags":[],"class_list":{"0":"post-23349","1":"post","2":"type-post","3":"status-publish","4":"format-standard","5":"has-post-thumbnail","7":"category-cox-automotive-es"},"yoast_head":"<!-- This site is optimized with the Yoast SEO plugin v27.5 - https:\/\/yoast.com\/product\/yoast-seo-wordpress\/ -->\n<title>Premio Barbara Cox &quot;Mujer del A\u00f1o&quot; 2024 I Modix Sala de Prensa<\/title>\n<meta name=\"description\" content=\"Este premio honra a mujeres inspiradoras dentro de la industria automotriz europea. Mujeres que han demostrado un compromiso excepcional con la innovaci\u00f3n y el liderazgo. \u00a1Nomina ahora!\" \/>\n<meta name=\"robots\" content=\"index, follow, max-snippet:-1, max-image-preview:large, max-video-preview:-1\" \/>\n<link rel=\"canonical\" href=\"https:\/\/www.modix.eu\/es\/premio-barbara-cox-mujer-del-ano-2024\/\" \/>\n<meta property=\"og:locale\" content=\"es_ES\" \/>\n<meta property=\"og:type\" content=\"article\" \/>\n<meta property=\"og:title\" content=\"Premio Barbara Cox &quot;Mujer del A\u00f1o&quot; 2024 I Modix Sala de Prensa\" \/>\n<meta property=\"og:description\" content=\"Este premio honra a mujeres inspiradoras dentro de la industria automotriz europea. Mujeres que han demostrado un compromiso excepcional con la innovaci\u00f3n y el liderazgo. \u00a1Nomina ahora!\" \/>\n<meta property=\"og:url\" content=\"https:\/\/www.modix.eu\/es\/premio-barbara-cox-mujer-del-ano-2024\/\" \/>\n<meta property=\"og:site_name\" content=\"Modix\" \/>\n<meta property=\"article:publisher\" content=\"https:\/\/www.facebook.com\/ModixInternational\/\" \/>\n<meta property=\"article:published_time\" content=\"2024-04-08T09:48:53+00:00\" \/>\n<meta property=\"og:image\" content=\"https:\/\/www.modix.eu\/wp-content\/uploads\/2024\/04\/86941m4bk-V2-WWD-Barbara-Cox-Awards-2024-Banner-1440x454-1-jpg.webp\" \/>\n\t<meta property=\"og:image:width\" content=\"1454\" \/>\n\t<meta property=\"og:image:height\" content=\"454\" \/>\n\t<meta property=\"og:image:type\" content=\"image\/jpeg\" \/>\n<meta name=\"author\" content=\"Paisleigh Hagan\" \/>\n<meta name=\"twitter:card\" content=\"summary_large_image\" \/>\n<meta name=\"twitter:creator\" content=\"@ModixINT\" \/>\n<meta name=\"twitter:site\" content=\"@ModixINT\" \/>\n<meta name=\"twitter:label1\" content=\"Escrito por\" \/>\n\t<meta name=\"twitter:data1\" content=\"Paisleigh Hagan\" \/>\n\t<meta name=\"twitter:label2\" content=\"Tiempo de lectura\" \/>\n\t<meta name=\"twitter:data2\" content=\"3 minutos\" \/>\n<script type=\"application\/ld+json\" class=\"yoast-schema-graph\">{\"@context\":\"https:\\\/\\\/schema.org\",\"@graph\":[{\"@type\":\"Article\",\"@id\":\"https:\\\/\\\/www.modix.eu\\\/es\\\/premio-barbara-cox-mujer-del-ano-2024\\\/#article\",\"isPartOf\":{\"@id\":\"https:\\\/\\\/www.modix.eu\\\/es\\\/premio-barbara-cox-mujer-del-ano-2024\\\/\"},\"author\":{\"name\":\"Paisleigh Hagan\",\"@id\":\"https:\\\/\\\/www.modix.eu\\\/es\\\/#\\\/schema\\\/person\\\/1303a6f0c3c190caead52d1d07830204\"},\"headline\":\"Premio Barbara Cox \u00abMujer del A\u00f1o\u00bb 2024\",\"datePublished\":\"2024-04-08T09:48:53+00:00\",\"mainEntityOfPage\":{\"@id\":\"https:\\\/\\\/www.modix.eu\\\/es\\\/premio-barbara-cox-mujer-del-ano-2024\\\/\"},\"wordCount\":959,\"publisher\":{\"@id\":\"https:\\\/\\\/www.modix.eu\\\/es\\\/#organization\"},\"image\":{\"@id\":\"https:\\\/\\\/www.modix.eu\\\/es\\\/premio-barbara-cox-mujer-del-ano-2024\\\/#primaryimage\"},\"thumbnailUrl\":\"https:\\\/\\\/www.modix.eu\\\/wp-content\\\/uploads\\\/2024\\\/04\\\/86941m4bk-V2-WWD-Barbara-Cox-Awards-2024-Banner-1440x454-1-jpg.webp\",\"articleSection\":[\"Cox Automotive\"],\"inLanguage\":\"es\"},{\"@type\":\"WebPage\",\"@id\":\"https:\\\/\\\/www.modix.eu\\\/es\\\/premio-barbara-cox-mujer-del-ano-2024\\\/\",\"url\":\"https:\\\/\\\/www.modix.eu\\\/es\\\/premio-barbara-cox-mujer-del-ano-2024\\\/\",\"name\":\"Premio Barbara Cox \\\"Mujer del A\u00f1o\\\" 2024 I Modix Sala de Prensa\",\"isPartOf\":{\"@id\":\"https:\\\/\\\/www.modix.eu\\\/es\\\/#website\"},\"primaryImageOfPage\":{\"@id\":\"https:\\\/\\\/www.modix.eu\\\/es\\\/premio-barbara-cox-mujer-del-ano-2024\\\/#primaryimage\"},\"image\":{\"@id\":\"https:\\\/\\\/www.modix.eu\\\/es\\\/premio-barbara-cox-mujer-del-ano-2024\\\/#primaryimage\"},\"thumbnailUrl\":\"https:\\\/\\\/www.modix.eu\\\/wp-content\\\/uploads\\\/2024\\\/04\\\/86941m4bk-V2-WWD-Barbara-Cox-Awards-2024-Banner-1440x454-1-jpg.webp\",\"datePublished\":\"2024-04-08T09:48:53+00:00\",\"description\":\"Este premio honra a mujeres inspiradoras dentro de la industria automotriz europea. Mujeres que han demostrado un compromiso excepcional con la innovaci\u00f3n y el liderazgo. \u00a1Nomina ahora!\",\"breadcrumb\":{\"@id\":\"https:\\\/\\\/www.modix.eu\\\/es\\\/premio-barbara-cox-mujer-del-ano-2024\\\/#breadcrumb\"},\"inLanguage\":\"es\",\"potentialAction\":[{\"@type\":\"ReadAction\",\"target\":[\"https:\\\/\\\/www.modix.eu\\\/es\\\/premio-barbara-cox-mujer-del-ano-2024\\\/\"]}]},{\"@type\":\"ImageObject\",\"inLanguage\":\"es\",\"@id\":\"https:\\\/\\\/www.modix.eu\\\/es\\\/premio-barbara-cox-mujer-del-ano-2024\\\/#primaryimage\",\"url\":\"https:\\\/\\\/www.modix.eu\\\/wp-content\\\/uploads\\\/2024\\\/04\\\/86941m4bk-V2-WWD-Barbara-Cox-Awards-2024-Banner-1440x454-1-jpg.webp\",\"contentUrl\":\"https:\\\/\\\/www.modix.eu\\\/wp-content\\\/uploads\\\/2024\\\/04\\\/86941m4bk-V2-WWD-Barbara-Cox-Awards-2024-Banner-1440x454-1-jpg.webp\",\"width\":1454,\"height\":454,\"caption\":\"Barbara Cox Women of the Year Award\"},{\"@type\":\"BreadcrumbList\",\"@id\":\"https:\\\/\\\/www.modix.eu\\\/es\\\/premio-barbara-cox-mujer-del-ano-2024\\\/#breadcrumb\",\"itemListElement\":[{\"@type\":\"ListItem\",\"position\":1,\"name\":\"Home\",\"item\":\"https:\\\/\\\/www.modix.eu\\\/es\\\/\"},{\"@type\":\"ListItem\",\"position\":2,\"name\":\"Premio Barbara Cox &#8220;Mujer del A\u00f1o&#8221; 2024\"}]},{\"@type\":\"WebSite\",\"@id\":\"https:\\\/\\\/www.modix.eu\\\/es\\\/#website\",\"url\":\"https:\\\/\\\/www.modix.eu\\\/es\\\/\",\"name\":\"Modix\",\"description\":\"Automotive Digital Retailing.\",\"publisher\":{\"@id\":\"https:\\\/\\\/www.modix.eu\\\/es\\\/#organization\"},\"potentialAction\":[{\"@type\":\"SearchAction\",\"target\":{\"@type\":\"EntryPoint\",\"urlTemplate\":\"https:\\\/\\\/www.modix.eu\\\/es\\\/?s={search_term_string}\"},\"query-input\":{\"@type\":\"PropertyValueSpecification\",\"valueRequired\":true,\"valueName\":\"search_term_string\"}}],\"inLanguage\":\"es\"},{\"@type\":\"Organization\",\"@id\":\"https:\\\/\\\/www.modix.eu\\\/es\\\/#organization\",\"name\":\"Modix\",\"url\":\"https:\\\/\\\/www.modix.eu\\\/es\\\/\",\"logo\":{\"@type\":\"ImageObject\",\"inLanguage\":\"es\",\"@id\":\"https:\\\/\\\/www.modix.eu\\\/es\\\/#\\\/schema\\\/logo\\\/image\\\/\",\"url\":\"https:\\\/\\\/www.modix.eu\\\/wp-content\\\/uploads\\\/2020\\\/04\\\/Modix-Logo-dark.png\",\"contentUrl\":\"https:\\\/\\\/www.modix.eu\\\/wp-content\\\/uploads\\\/2020\\\/04\\\/Modix-Logo-dark.png\",\"width\":562,\"height\":167,\"caption\":\"Modix\"},\"image\":{\"@id\":\"https:\\\/\\\/www.modix.eu\\\/es\\\/#\\\/schema\\\/logo\\\/image\\\/\"},\"sameAs\":[\"https:\\\/\\\/www.facebook.com\\\/ModixInternational\\\/\",\"https:\\\/\\\/x.com\\\/ModixINT\"]},{\"@type\":\"Person\",\"@id\":\"https:\\\/\\\/www.modix.eu\\\/es\\\/#\\\/schema\\\/person\\\/1303a6f0c3c190caead52d1d07830204\",\"name\":\"Paisleigh Hagan\",\"image\":{\"@type\":\"ImageObject\",\"inLanguage\":\"es\",\"@id\":\"https:\\\/\\\/secure.gravatar.com\\\/avatar\\\/b03fd3ac99114b4f8dddd34f9d800fe0bb04cf8759cad8f708accf55578d820d?s=96&d=mm&r=g\",\"url\":\"https:\\\/\\\/secure.gravatar.com\\\/avatar\\\/b03fd3ac99114b4f8dddd34f9d800fe0bb04cf8759cad8f708accf55578d820d?s=96&d=mm&r=g\",\"contentUrl\":\"https:\\\/\\\/secure.gravatar.com\\\/avatar\\\/b03fd3ac99114b4f8dddd34f9d800fe0bb04cf8759cad8f708accf55578d820d?s=96&d=mm&r=g\",\"caption\":\"Paisleigh Hagan\"},\"url\":\"https:\\\/\\\/www.modix.eu\\\/es\\\/author\\\/paisleigh\\\/\"}]}<\/script>\n<!-- \/ Yoast SEO plugin. -->","yoast_head_json":{"title":"Premio Barbara Cox \"Mujer del A\u00f1o\" 2024 I Modix Sala de Prensa","description":"Este premio honra a mujeres inspiradoras dentro de la industria automotriz europea. Mujeres que han demostrado un compromiso excepcional con la innovaci\u00f3n y el liderazgo. \u00a1Nomina ahora!","robots":{"index":"index","follow":"follow","max-snippet":"max-snippet:-1","max-image-preview":"max-image-preview:large","max-video-preview":"max-video-preview:-1"},"canonical":"https:\/\/www.modix.eu\/es\/premio-barbara-cox-mujer-del-ano-2024\/","og_locale":"es_ES","og_type":"article","og_title":"Premio Barbara Cox \"Mujer del A\u00f1o\" 2024 I Modix Sala de Prensa","og_description":"Este premio honra a mujeres inspiradoras dentro de la industria automotriz europea. Mujeres que han demostrado un compromiso excepcional con la innovaci\u00f3n y el liderazgo. \u00a1Nomina ahora!","og_url":"https:\/\/www.modix.eu\/es\/premio-barbara-cox-mujer-del-ano-2024\/","og_site_name":"Modix","article_publisher":"https:\/\/www.facebook.com\/ModixInternational\/","article_published_time":"2024-04-08T09:48:53+00:00","og_image":[{"width":1454,"height":454,"url":"https:\/\/www.modix.eu\/wp-content\/uploads\/2024\/04\/86941m4bk-V2-WWD-Barbara-Cox-Awards-2024-Banner-1440x454-1-jpg.webp","type":"image\/jpeg"}],"author":"Paisleigh Hagan","twitter_card":"summary_large_image","twitter_creator":"@ModixINT","twitter_site":"@ModixINT","twitter_misc":{"Escrito por":"Paisleigh Hagan","Tiempo de lectura":"3 minutos"},"schema":{"@context":"https:\/\/schema.org","@graph":[{"@type":"Article","@id":"https:\/\/www.modix.eu\/es\/premio-barbara-cox-mujer-del-ano-2024\/#article","isPartOf":{"@id":"https:\/\/www.modix.eu\/es\/premio-barbara-cox-mujer-del-ano-2024\/"},"author":{"name":"Paisleigh Hagan","@id":"https:\/\/www.modix.eu\/es\/#\/schema\/person\/1303a6f0c3c190caead52d1d07830204"},"headline":"Premio Barbara Cox \u00abMujer del A\u00f1o\u00bb 2024","datePublished":"2024-04-08T09:48:53+00:00","mainEntityOfPage":{"@id":"https:\/\/www.modix.eu\/es\/premio-barbara-cox-mujer-del-ano-2024\/"},"wordCount":959,"publisher":{"@id":"https:\/\/www.modix.eu\/es\/#organization"},"image":{"@id":"https:\/\/www.modix.eu\/es\/premio-barbara-cox-mujer-del-ano-2024\/#primaryimage"},"thumbnailUrl":"https:\/\/www.modix.eu\/wp-content\/uploads\/2024\/04\/86941m4bk-V2-WWD-Barbara-Cox-Awards-2024-Banner-1440x454-1-jpg.webp","articleSection":["Cox Automotive"],"inLanguage":"es"},{"@type":"WebPage","@id":"https:\/\/www.modix.eu\/es\/premio-barbara-cox-mujer-del-ano-2024\/","url":"https:\/\/www.modix.eu\/es\/premio-barbara-cox-mujer-del-ano-2024\/","name":"Premio Barbara Cox \"Mujer del A\u00f1o\" 2024 I Modix Sala de Prensa","isPartOf":{"@id":"https:\/\/www.modix.eu\/es\/#website"},"primaryImageOfPage":{"@id":"https:\/\/www.modix.eu\/es\/premio-barbara-cox-mujer-del-ano-2024\/#primaryimage"},"image":{"@id":"https:\/\/www.modix.eu\/es\/premio-barbara-cox-mujer-del-ano-2024\/#primaryimage"},"thumbnailUrl":"https:\/\/www.modix.eu\/wp-content\/uploads\/2024\/04\/86941m4bk-V2-WWD-Barbara-Cox-Awards-2024-Banner-1440x454-1-jpg.webp","datePublished":"2024-04-08T09:48:53+00:00","description":"Este premio honra a mujeres inspiradoras dentro de la industria automotriz europea. Mujeres que han demostrado un compromiso excepcional con la innovaci\u00f3n y el liderazgo. \u00a1Nomina ahora!","breadcrumb":{"@id":"https:\/\/www.modix.eu\/es\/premio-barbara-cox-mujer-del-ano-2024\/#breadcrumb"},"inLanguage":"es","potentialAction":[{"@type":"ReadAction","target":["https:\/\/www.modix.eu\/es\/premio-barbara-cox-mujer-del-ano-2024\/"]}]},{"@type":"ImageObject","inLanguage":"es","@id":"https:\/\/www.modix.eu\/es\/premio-barbara-cox-mujer-del-ano-2024\/#primaryimage","url":"https:\/\/www.modix.eu\/wp-content\/uploads\/2024\/04\/86941m4bk-V2-WWD-Barbara-Cox-Awards-2024-Banner-1440x454-1-jpg.webp","contentUrl":"https:\/\/www.modix.eu\/wp-content\/uploads\/2024\/04\/86941m4bk-V2-WWD-Barbara-Cox-Awards-2024-Banner-1440x454-1-jpg.webp","width":1454,"height":454,"caption":"Barbara Cox Women of the Year Award"},{"@type":"BreadcrumbList","@id":"https:\/\/www.modix.eu\/es\/premio-barbara-cox-mujer-del-ano-2024\/#breadcrumb","itemListElement":[{"@type":"ListItem","position":1,"name":"Home","item":"https:\/\/www.modix.eu\/es\/"},{"@type":"ListItem","position":2,"name":"Premio Barbara Cox &#8220;Mujer del A\u00f1o&#8221; 2024"}]},{"@type":"WebSite","@id":"https:\/\/www.modix.eu\/es\/#website","url":"https:\/\/www.modix.eu\/es\/","name":"Modix","description":"Automotive Digital Retailing.","publisher":{"@id":"https:\/\/www.modix.eu\/es\/#organization"},"potentialAction":[{"@type":"SearchAction","target":{"@type":"EntryPoint","urlTemplate":"https:\/\/www.modix.eu\/es\/?s={search_term_string}"},"query-input":{"@type":"PropertyValueSpecification","valueRequired":true,"valueName":"search_term_string"}}],"inLanguage":"es"},{"@type":"Organization","@id":"https:\/\/www.modix.eu\/es\/#organization","name":"Modix","url":"https:\/\/www.modix.eu\/es\/","logo":{"@type":"ImageObject","inLanguage":"es","@id":"https:\/\/www.modix.eu\/es\/#\/schema\/logo\/image\/","url":"https:\/\/www.modix.eu\/wp-content\/uploads\/2020\/04\/Modix-Logo-dark.png","contentUrl":"https:\/\/www.modix.eu\/wp-content\/uploads\/2020\/04\/Modix-Logo-dark.png","width":562,"height":167,"caption":"Modix"},"image":{"@id":"https:\/\/www.modix.eu\/es\/#\/schema\/logo\/image\/"},"sameAs":["https:\/\/www.facebook.com\/ModixInternational\/","https:\/\/x.com\/ModixINT"]},{"@type":"Person","@id":"https:\/\/www.modix.eu\/es\/#\/schema\/person\/1303a6f0c3c190caead52d1d07830204","name":"Paisleigh Hagan","image":{"@type":"ImageObject","inLanguage":"es","@id":"https:\/\/secure.gravatar.com\/avatar\/b03fd3ac99114b4f8dddd34f9d800fe0bb04cf8759cad8f708accf55578d820d?s=96&d=mm&r=g","url":"https:\/\/secure.gravatar.com\/avatar\/b03fd3ac99114b4f8dddd34f9d800fe0bb04cf8759cad8f708accf55578d820d?s=96&d=mm&r=g","contentUrl":"https:\/\/secure.gravatar.com\/avatar\/b03fd3ac99114b4f8dddd34f9d800fe0bb04cf8759cad8f708accf55578d820d?s=96&d=mm&r=g","caption":"Paisleigh Hagan"},"url":"https:\/\/www.modix.eu\/es\/author\/paisleigh\/"}]}},"_links":{"self":[{"href":"https:\/\/www.modix.eu\/es\/wp-json\/wp\/v2\/posts\/23349","targetHints":{"allow":["GET"]}}],"collection":[{"href":"https:\/\/www.modix.eu\/es\/wp-json\/wp\/v2\/posts"}],"about":[{"href":"https:\/\/www.modix.eu\/es\/wp-json\/wp\/v2\/types\/post"}],"author":[{"embeddable":true,"href":"https:\/\/www.modix.eu\/es\/wp-json\/wp\/v2\/users\/57"}],"replies":[{"embeddable":true,"href":"https:\/\/www.modix.eu\/es\/wp-json\/wp\/v2\/comments?post=23349"}],"version-history":[{"count":0,"href":"https:\/\/www.modix.eu\/es\/wp-json\/wp\/v2\/posts\/23349\/revisions"}],"wp:featuredmedia":[{"embeddable":true,"href":"https:\/\/www.modix.eu\/es\/wp-json\/wp\/v2\/media\/23462"}],"wp:attachment":[{"href":"https:\/\/www.modix.eu\/es\/wp-json\/wp\/v2\/media?parent=23349"}],"wp:term":[{"taxonomy":"category","embeddable":true,"href":"https:\/\/www.modix.eu\/es\/wp-json\/wp\/v2\/categories?post=23349"},{"taxonomy":"post_tag","embeddable":true,"href":"https:\/\/www.modix.eu\/es\/wp-json\/wp\/v2\/tags?post=23349"}],"curies":[{"name":"wp","href":"https:\/\/api.w.org\/{rel}","templated":true}]}}